{"id":10891,"date":"2024-06-27T16:11:58","date_gmt":"2024-06-27T14:11:58","guid":{"rendered":"https:\/\/copolad.eu\/?p=10891"},"modified":"2026-01-12T11:31:03","modified_gmt":"2026-01-12T09:31:03","slug":"juristas-de-iberoamerica-proponen-un-pacto-regional-para-humanizar-la-politica-penitenciaria","status":"publish","type":"post","link":"https:\/\/copolad.eu\/es\/juristas-de-iberoamerica-proponen-un-pacto-regional-para-humanizar-la-politica-penitenciaria\/","title":{"rendered":"Juristas de Iberoam\u00e9rica proponen un pacto regional para humanizar la pol\u00edtica penitenciaria"},"content":{"rendered":"<p><span style=\"font-weight: 400;\">El <\/span><b>taller regional \u2018Hacia la humanizaci\u00f3n de la pol\u00edtica criminal y penitenciaria frente a delitos menores de drogas: un camino hacia la proporcionalidad y alternatividad penal\u2019<\/b><span style=\"font-weight: 400;\"> reuni\u00f3 los d\u00edas 24 y 25 de junio en Barcelona (Espa\u00f1a) a m\u00e1s de 35 juristas, fiscales, representantes de pa\u00edses, organismos y miembros de la sociedad civil de Latinoam\u00e9rica, Caribe y la Uni\u00f3n Europa.\u00a0<\/span><\/p>\n<p><span style=\"font-weight: 400;\">Organizado por el programa <\/span><b>COPOLAD III<\/b><span style=\"font-weight: 400;\"> y la Conferencia de Ministros de Justicia de los Pa\u00edses Iberoamericanos (COMJIB), en el encuentro se sentaron las bases de un <\/span><b>pacto regional sobre proporcionalidad y alternatividad penal desde la perspectiva de los derechos humanos<\/b><span style=\"font-weight: 400;\">. Los objetivos de este acuerdo son primar la reinserci\u00f3n y resocializaci\u00f3n frente al castigo y reducir la saturaci\u00f3n de las prisiones, as\u00ed como lograr una mayor efectividad en la lucha contra el narcotr\u00e1fico. Habitualmente, las medidas de encarcelamiento masivo afectan a los eslabones m\u00e1s bajos de la cadena, f\u00e1cilmente sustituibles,lo que genera un\u00a0 impacto muy negativo en sus familias, y en las personas encarceladas, muchas de ellas mujeres que sufren violencias o forman parte de redes de trata o extorsi\u00f3n.<\/span><\/p>\n<h3><b>Propuestas para una justicia menos punitiva<\/b><\/h3>\n<p><span style=\"font-weight: 400;\">En diferentes mesas y grupos de trabajo, a lo largo de dos jornadas se analiz\u00f3 la situaci\u00f3n nacional de la pol\u00edtica penal y carcelaria de <\/span><b>Colombia, Argentina, Brasil, Portugal, Rep\u00fablica Dominicana, Paraguay, Costa Rica y Espa\u00f1a<\/b><span style=\"font-weight: 400;\">; la aplicaci\u00f3n de la perspectiva de g\u00e9nero y la necesidad de tener en cuenta el enfoque diferencial, la diversidad racial y sexual; problemas comunes de toda la regi\u00f3n, as\u00ed como la contribuci\u00f3n del <b>programa COPOLAD III<\/b> al debate.<\/span><\/p>\n<p><span style=\"font-weight: 400;\">En ese sentido, se realizaron varias propuestas, entre algunas de las m\u00e1s destacadas, la apuesta por <b>nuevas narrativas<\/b> frente al \u201cpunitivismo populista\u201d,\u00a0 la tendencia hacia una <b>legislaci\u00f3n m\u00e1s proporcional<\/b> desde una perspectiva de los derechos humanos y la perspectiva de g\u00e9nero o la defensa de pol\u00edticas de Estado que no est\u00e9n sujetas a los periodos electorales. En todo momento se destac\u00f3 que la justicia penal ha de tener en cuenta las condiciones de vulnerabilidad y de ah\u00ed la importancia de apostar por la inclusi\u00f3n social y econ\u00f3mica en lo referido a los delitos de drogas.\u00a0<\/span><\/p>\n<p><span style=\"font-weight: 400;\">El secretario general de <a href=\"https:\/\/comjib.org\/\" target=\"_blank\" rel=\"noopener\">COMJIB,<\/a> Enrique Gil Botero, destac\u00f3 el <\/span><b>amplio consenso<\/b><span style=\"font-weight: 400;\"> que hay entre los representantes judiciales de los pa\u00edses acerca de la necesidad de un cambio de modelo: \u201c<\/span><i><span style=\"font-weight: 400;\">La justicia restaurativa funciona y cambia vidas. El modelo punitivista ha fracasado y exhortamos a los poderes legislativos a que tomen nota de lo que hemos debatido estos d\u00edas\u201d<\/span><\/i><span style=\"font-weight: 400;\">.<\/span><\/p>\n<p><span style=\"font-weight: 400;\">En el taller regional sobre Alternatividad Pena<\/span><span style=\"font-weight: 400;\">l intervinieron<\/span><span style=\"font-weight: 400;\"> representantes de la Asociaci\u00f3n Iberoamericana de Ministerios P\u00fablicos (AIAMP), la Asociaci\u00f3n Interamericana de Defensor\u00edas P\u00fablicas (AIDEF), los ministerios de Justicia de Colombia, Brasil y Argentina, representantes del Poder Judicial de Costa Rica y Rep\u00fablica Dominicana, la delegada del Gobierno de Espa\u00f1a contra la Violencia de G\u00e9nero, <\/span><span style=\"font-weight: 400;\">\u00a0Carmen Mart\u00ednez Perza,<\/span><span style=\"font-weight: 400;\"> e integrantes de las entidades UNAD y RIOD, entre otras.<\/span><\/p>\n","protected":false},"excerpt":{"rendered":"<p>El taller regional \u2018Hacia la humanizaci\u00f3n de la pol\u00edtica criminal y penitenciaria frente a delitos menores de drogas: un camino hacia la proporcionalidad y alternatividad penal\u2019 reuni\u00f3 los d\u00edas 24 y 25 de junio en Barcelona (Espa\u00f1a) a m\u00e1s de 35 juristas, fiscales, representantes de pa\u00edses, organismos y miembros de la sociedad civil de Latinoam\u00e9rica, [&hellip;]<\/p>\n","protected":false},"author":9,"featured_media":10892,"comment_status":"closed","ping_status":"closed","sticky":false,"template":"","format":"standard","meta":{"jnews-multi-image_gallery":[],"jnews_single_post":{"subtitle":"COPOLAD III organiza con COMJIB un taller regional sobre proporcionalidad y alternatividad penal en delitos menores por narcotr\u00e1fico","format":"standard","video":"","gallery":"","source_name":"","source_url":"","via_name":"","via_url":"","override_template":"0","override":[{"template":"3","single_blog_custom":"","parallax":"1","fullscreen":"1","layout":"no-sidebar","sidebar":"default-sidebar","second_sidebar":"default-sidebar","sticky_sidebar":"1","share_position":"top","share_float_style":"share-monocrhome","show_share_counter":"0","show_view_counter":"0","show_featured":"1","show_post_meta":"1","show_post_author":"0","show_post_author_image":"1","show_post_date":"1","post_date_format":"default","post_date_format_custom":"Y\/m\/d","show_post_category":"1","show_post_reading_time":"0","post_reading_time_wpm":"300","show_zoom_button":"0","zoom_button_out_step":"2","zoom_button_in_step":"3","show_post_tag":"1","show_prev_next_post":"0","show_popup_post":"0","number_popup_post":"1","show_author_box":"0","show_post_related":"0","show_inline_post_related":"0","post_calculate_word_method":"str_word_count"}],"override_image_size":"0","image_override":[{"single_post_thumbnail_size":"crop-715","single_post_gallery_size":"crop-715"}],"trending_post":"0","trending_post_position":"meta","trending_post_label":"Trending","sponsored_post":"0","sponsored_post_label":"Sponsored by","sponsored_post_name":"","sponsored_post_url":"","sponsored_post_logo_enable":"0","sponsored_post_logo":"","sponsored_post_desc":"","disable_ad":"0"},"jnews_primary_category":{"id":"","hide":""},"jnews_social_meta":{"fb_title":"","fb_description":"","fb_image":"","twitter_title":"","twitter_description":"","twitter_image":""},"jnews_override_counter":{"override_view_counter":"0","view_counter_number":"0","override_share_counter":"0","share_counter_number":"0","override_like_counter":"0","like_counter_number":"0","override_dislike_counter":"0","dislike_counter_number":"0"},"jnews_post_split":{"enable_post_split":"0","post_split":[{"template":"1","tag":"h2","numbering":"asc","mode":"normal","first":"0","enable_toc":"0","toc_type":"normal"}]},"footnotes":""},"categories":[35],"tags":[695,568,479,607,689],"class_list":["post-10891","post","type-post","status-publish","format-standard","has-post-thumbnail","hentry","category-noticia","tag-alternativas-2","tag-alternativas-penales","tag-alternatividad-penal","tag-comjib","tag-regional"],"acf":[],"_links":{"self":[{"href":"https:\/\/copolad.eu\/es\/wp-json\/wp\/v2\/posts\/10891"}],"collection":[{"href":"https:\/\/copolad.eu\/es\/wp-json\/wp\/v2\/posts"}],"about":[{"href":"https:\/\/copolad.eu\/es\/wp-json\/wp\/v2\/types\/post"}],"author":[{"embeddable":true,"href":"https:\/\/copolad.eu\/es\/wp-json\/wp\/v2\/users\/9"}],"replies":[{"embeddable":true,"href":"https:\/\/copolad.eu\/es\/wp-json\/wp\/v2\/comments?post=10891"}],"version-history":[{"count":3,"href":"https:\/\/copolad.eu\/es\/wp-json\/wp\/v2\/posts\/10891\/revisions"}],"predecessor-version":[{"id":10912,"href":"https:\/\/copolad.eu\/es\/wp-json\/wp\/v2\/posts\/10891\/revisions\/10912"}],"wp:featuredmedia":[{"embeddable":true,"href":"https:\/\/copolad.eu\/es\/wp-json\/wp\/v2\/media\/10892"}],"wp:attachment":[{"href":"https:\/\/copolad.eu\/es\/wp-json\/wp\/v2\/media?parent=10891"}],"wp:term":[{"taxonomy":"category","embeddable":true,"href":"https:\/\/copolad.eu\/es\/wp-json\/wp\/v2\/categories?post=10891"},{"taxonomy":"post_tag","embeddable":true,"href":"https:\/\/copolad.eu\/es\/wp-json\/wp\/v2\/tags?post=10891"}],"curies":[{"name":"wp","href":"https:\/\/api.w.org\/{rel}","templated":true}]}}