{"id":13314,"date":"2025-03-03T13:49:01","date_gmt":"2025-03-03T11:49:01","guid":{"rendered":"https:\/\/copolad.eu\/?p=13314"},"modified":"2025-03-03T14:36:14","modified_gmt":"2025-03-03T12:36:14","slug":"de-europa-a-america-latina-y-el-caribe-adaptacion-de-los-recursos-sobre-respuestas-sanitarias-y-sociales-a-los-problemas-de-drogas","status":"publish","type":"post","link":"https:\/\/copolad.eu\/es\/de-europa-a-america-latina-y-el-caribe-adaptacion-de-los-recursos-sobre-respuestas-sanitarias-y-sociales-a-los-problemas-de-drogas\/","title":{"rendered":"De Europa a Am\u00e9rica Latina y el Caribe: adaptaci\u00f3n de los recursos sobre respuestas sanitarias y sociales a los problemas de drogas"},"content":{"rendered":"<p>Este documento describe el proceso de adaptaci\u00f3n de tres minigu\u00edas de la gu\u00eda europea Respuestas al problema de las drogas: una gu\u00eda europea, al contexto de ALC e ilustra c\u00f3mo se llev\u00f3 a cabo.<\/p>\n<ul>\n<li>Marco de acci\u00f3n para desarrollar e implementar respuestas sanitarias y sociales a los problemas de drogas (adaptaci\u00f3n para Am\u00e9rica Latina y el Caribe)<\/li>\n<li>Cannabis: respuestas sanitarias y sociales (adaptaci\u00f3n para Am\u00e9rica Latina y el Caribe)<\/li>\n<li>Mujeres y drogas: respuestas sanitarias y sociales (adaptaci\u00f3n para Am\u00e9rica Latina y el Caribe<\/li>\n<\/ul>\n<p>La adaptaci\u00f3n de las minigu\u00edas se realiz\u00f3 con financiaci\u00f3n de la tercera fase del Programa de Cooperaci\u00f3n entre Am\u00e9rica Latina, el Caribe y la Uni\u00f3n Europea en materia de pol\u00edticas de drogas (COPOLAD), liderado por la Fundaci\u00f3n Internacional y para Iberoam\u00e9rica de Administraci\u00f3n y Pol\u00edticas P\u00fablicas (FIIAPP), en consorcio con la Organizaci\u00f3n Internacional Italo-Latinoamericana (IILA).<\/p>\n","protected":false},"excerpt":{"rendered":"<p>Este documento describe el proceso de adaptaci\u00f3n de tres minigu\u00edas de la gu\u00eda europea Respuestas al problema de las drogas: una gu\u00eda europea, al contexto de ALC e ilustra c\u00f3mo se llev\u00f3 a cabo. Marco de acci\u00f3n para desarrollar e implementar respuestas sanitarias y sociales a los problemas de drogas (adaptaci\u00f3n para Am\u00e9rica Latina y [&hellip;]<\/p>\n","protected":false},"author":9,"featured_media":13276,"comment_status":"closed","ping_status":"closed","sticky":false,"template":"","format":"standard","meta":{"jnews-multi-image_gallery":[],"jnews_single_post":{"format":"standard","override":[{"template":"3","parallax":"1","fullscreen":"1","layout":"no-sidebar","sidebar":"default-sidebar","second_sidebar":"default-sidebar","sticky_sidebar":"1","share_position":"top","share_float_style":"share-monocrhome","show_featured":"1","show_post_meta":"1","show_post_author_image":"1","show_post_date":"1","post_date_format":"default","post_date_format_custom":"Y\/m\/d","show_post_category":"1","show_post_reading_time":"0","post_reading_time_wpm":"300","post_calculate_word_method":"str_word_count","show_zoom_button":"0","zoom_button_out_step":"2","zoom_button_in_step":"3","show_post_tag":"1","number_popup_post":"1","show_author_box":"0","show_post_related":"0","show_inline_post_related":"0"}],"image_override":[{"single_post_thumbnail_size":"crop-715","single_post_gallery_size":"crop-715"}],"trending_post_position":"meta","trending_post_label":"Trending","sponsored_post_label":"Sponsored by","disable_ad":"0"},"jnews_primary_category":[],"jnews_social_meta":[],"jnews_override_counter":{"view_counter_number":"0","share_counter_number":"0","like_counter_number":"0","dislike_counter_number":"0"},"jnews_post_split":{"post_split":[{"template":"1","tag":"h2","numbering":"asc","mode":"normal","first":"0","enable_toc":"0","toc_type":"normal"}]},"footnotes":""},"categories":[114],"tags":[413,414,647,758,751],"class_list":["post-13314","post","type-post","status-publish","format-standard","has-post-thumbnail","hentry","category-guias","tag-consumo","tag-demanda","tag-euda","tag-metodologia","tag-miniguias"],"acf":[],"_links":{"self":[{"href":"https:\/\/copolad.eu\/es\/wp-json\/wp\/v2\/posts\/13314"}],"collection":[{"href":"https:\/\/copolad.eu\/es\/wp-json\/wp\/v2\/posts"}],"about":[{"href":"https:\/\/copolad.eu\/es\/wp-json\/wp\/v2\/types\/post"}],"author":[{"embeddable":true,"href":"https:\/\/copolad.eu\/es\/wp-json\/wp\/v2\/users\/9"}],"replies":[{"embeddable":true,"href":"https:\/\/copolad.eu\/es\/wp-json\/wp\/v2\/comments?post=13314"}],"version-history":[{"count":2,"href":"https:\/\/copolad.eu\/es\/wp-json\/wp\/v2\/posts\/13314\/revisions"}],"predecessor-version":[{"id":13327,"href":"https:\/\/copolad.eu\/es\/wp-json\/wp\/v2\/posts\/13314\/revisions\/13327"}],"wp:featuredmedia":[{"embeddable":true,"href":"https:\/\/copolad.eu\/es\/wp-json\/wp\/v2\/media\/13276"}],"wp:attachment":[{"href":"https:\/\/copolad.eu\/es\/wp-json\/wp\/v2\/media?parent=13314"}],"wp:term":[{"taxonomy":"category","embeddable":true,"href":"https:\/\/copolad.eu\/es\/wp-json\/wp\/v2\/categories?post=13314"},{"taxonomy":"post_tag","embeddable":true,"href":"https:\/\/copolad.eu\/es\/wp-json\/wp\/v2\/tags?post=13314"}],"curies":[{"name":"wp","href":"https:\/\/api.w.org\/{rel}","templated":true}]}}