{"id":15467,"date":"2025-12-11T16:53:10","date_gmt":"2025-12-11T14:53:10","guid":{"rendered":"https:\/\/copolad.eu\/?p=15467"},"modified":"2025-12-13T17:32:53","modified_gmt":"2025-12-13T15:32:53","slug":"ue-y-celac-consolidan-su-cooperacion-en-materia-de-drogas-en-un-encuentro-de-alto-nivel-en-bruselas","status":"publish","type":"post","link":"https:\/\/copolad.eu\/es\/ue-y-celac-consolidan-su-cooperacion-en-materia-de-drogas-en-un-encuentro-de-alto-nivel-en-bruselas\/","title":{"rendered":"UE y CELAC consolidan su cooperaci\u00f3n en materia de drogas en un encuentro de alto nivel en Bruselas"},"content":{"rendered":"<p>Representantes de 42 Agencias Nacionales de Drogas de Am\u00e9rica Latina, \u00a0el Caribe y la Uni\u00f3n Europea participaron del <strong>9 al 11 de diciembre<\/strong> en Bruselas en un encuentro birregional de alto nivel con instituciones de la Uni\u00f3n Europea, celebrado en el marco del <strong>Mecanismo UE\u2013CELAC sobre Drogas<\/strong> y del programa <strong>COPOLAD III<\/strong>.<\/p>\n<p>Durante las sesiones, ambas regiones abordaron <strong>cuatro prioridades compartidas<\/strong>:<br \/>\n\u2022 El desarrollo futuro de COPOLAD III<br \/>\n\u2022 la creciente <strong>violencia asociada a los mercados il\u00edcitos de drogas<\/strong>;<br \/>\n\u2022 el fortalecimiento de las <strong>pol\u00edticas de salud p\u00fablica y reducci\u00f3n de da\u00f1os<\/strong>;<br \/>\n\u2022 la cooperaci\u00f3n birregional en <strong>precursores qu\u00edmicos<\/strong> y nuevas amenazas sint\u00e9ticas.<\/p>\n<p>Tanto Olivier LUYCKX desde INTPA como Borja Diaz Rivillas, como director del Programa\u00a0 destacaron la relevancia del momento actual. \u201cEl contexto de las drogas ha empeorado, afectando a la salud y la seguridad. El Programa COPOLAD III es m\u00e1s importante que nunca\u201d.<\/p>\n<p><strong>Joan Margarita CEDANO, embajadora de la Misi\u00f3n ante la UE y copresidenta de CELAC en el Mecanismo UE-CELAC.<\/strong><\/p>\n<p><img decoding=\"async\" class=\"aligncenter size-large wp-image-15474\" src=\"https:\/\/copolad.eu\/wp-content\/uploads\/2025\/12\/BrusselsConference-42-1024x683.jpg\" alt=\"sala llena\" width=\"1024\" height=\"683\" srcset=\"https:\/\/copolad.eu\/wp-content\/uploads\/2025\/12\/BrusselsConference-42-1024x683.jpg 1024w, https:\/\/copolad.eu\/wp-content\/uploads\/2025\/12\/BrusselsConference-42-300x200.jpg 300w, https:\/\/copolad.eu\/wp-content\/uploads\/2025\/12\/BrusselsConference-42-768x512.jpg 768w, https:\/\/copolad.eu\/wp-content\/uploads\/2025\/12\/BrusselsConference-42-1536x1024.jpg 1536w, https:\/\/copolad.eu\/wp-content\/uploads\/2025\/12\/BrusselsConference-42-750x500.jpg 750w, https:\/\/copolad.eu\/wp-content\/uploads\/2025\/12\/BrusselsConference-42-1140x760.jpg 1140w, https:\/\/copolad.eu\/wp-content\/uploads\/2025\/12\/BrusselsConference-42.jpg 2048w\" sizes=\"(max-width: 1024px) 100vw, 1024px\" \/>Nuestro enfoque conjunto debe guiarse por la corresponsabilidad entre oferta, demanda y factores estructurales, por la cooperaci\u00f3n entendida como una construcci\u00f3n mutua<\/p>\n<p>El encuentro incluy\u00f3 un di\u00e1logo con la <strong>Agencia Europea de Drogas (EUDA)<\/strong> y un espacio de trabajo con instituciones de la UE para revisar las herramientas pol\u00edticas y de cooperaci\u00f3n disponibles ante los desaf\u00edos globales del narcotr\u00e1fico.<\/p>\n<p>Entre las instituciones que estuvieron presentes en este encuentro, \u00a0la Direcci\u00f3n General de de Asociaciones Internacionales (DGINTPA) el Servicio Europeo de Acci\u00f3n Exterior, la secretar\u00eda del Consejo de la UE, el Servicio de Instrumentos de Pol\u00edtica Exterior, as\u00ed como el Secretariado del Parlamento Europeo y la Direcci\u00f3n de Interior de la UE (DGHome).<\/p>\n<p>El <strong>11 de diciembre<\/strong>, las delegaciones participaron en el <strong>Comit\u00e9 T\u00e9cnico del Mecanismo UE\u2013CELAC<\/strong>, seguido de una reuni\u00f3n intra-CELAC centrada en prioridades comunes y coordinaci\u00f3n para 2026. Tambi\u00e9n sostuvieron un conversatorio con la Comisionada Nacional de Drogas del Reino de B\u00e9lgica sobre gesti\u00f3n de activos y pol\u00edticas p\u00fablicas en lugares afectados por el crimen organizado (hotspots).<\/p>\n<p>Las agencias de la regi\u00f3n reafirmaron su compromiso con una <strong>hoja de ruta birregional renovada<\/strong>, orientada a respuestas integrales en seguridad, salud p\u00fablica, prevenci\u00f3n y cooperaci\u00f3n internacional.<\/p>\n","protected":false},"excerpt":{"rendered":"<p>Representantes de 42 Agencias Nacionales de Drogas de Am\u00e9rica Latina, \u00a0el Caribe y la Uni\u00f3n Europea participaron del 9 al 11 de diciembre en Bruselas en un encuentro birregional de alto nivel con instituciones de la Uni\u00f3n Europea, celebrado en el marco del Mecanismo UE\u2013CELAC sobre Drogas y del programa COPOLAD III. Durante las sesiones, [&hellip;]<\/p>\n","protected":false},"author":9,"featured_media":15470,"comment_status":"closed","ping_status":"closed","sticky":false,"template":"","format":"standard","meta":{"jnews-multi-image_gallery":[],"jnews_single_post":{"subtitle":"COPOLAD III moviliza a 42 agencias de drogas de Am\u00e9rica Latina, Caribe y UE para hacer operativo el di\u00e1logo pol\u00edtico sobre drogas","format":"standard","override":[{"template":"3","parallax":"1","fullscreen":"1","layout":"no-sidebar","sidebar":"default-sidebar","second_sidebar":"default-sidebar","sticky_sidebar":"1","share_position":"top","share_float_style":"share-monocrhome","show_featured":"1","show_post_meta":"1","show_post_author_image":"1","show_post_date":"1","post_date_format":"default","post_date_format_custom":"Y\/m\/d","show_post_category":"1","show_post_reading_time":"0","post_reading_time_wpm":"300","post_calculate_word_method":"str_word_count","show_zoom_button":"0","zoom_button_out_step":"2","zoom_button_in_step":"3","show_post_tag":"1","number_popup_post":"1","show_author_box":"0","show_post_related":"0","show_inline_post_related":"0"}],"image_override":[{"single_post_thumbnail_size":"crop-715","single_post_gallery_size":"crop-715"}],"trending_post_position":"meta","trending_post_label":"Trending","sponsored_post_label":"Sponsored by","disable_ad":"0"},"jnews_primary_category":[],"jnews_social_meta":[],"jnews_override_counter":{"view_counter_number":"0","share_counter_number":"0","like_counter_number":"0","dislike_counter_number":"0"},"jnews_post_split":{"post_split":[{"template":"1","tag":"h2","numbering":"asc","mode":"normal","first":"0","enable_toc":"0","toc_type":"normal"}]},"footnotes":""},"categories":[35],"tags":[667,647,669],"class_list":["post-15467","post","type-post","status-publish","format-standard","has-post-thumbnail","hentry","category-noticia","tag-bruselas","tag-euda","tag-seminario"],"acf":[],"_links":{"self":[{"href":"https:\/\/copolad.eu\/es\/wp-json\/wp\/v2\/posts\/15467"}],"collection":[{"href":"https:\/\/copolad.eu\/es\/wp-json\/wp\/v2\/posts"}],"about":[{"href":"https:\/\/copolad.eu\/es\/wp-json\/wp\/v2\/types\/post"}],"author":[{"embeddable":true,"href":"https:\/\/copolad.eu\/es\/wp-json\/wp\/v2\/users\/9"}],"replies":[{"embeddable":true,"href":"https:\/\/copolad.eu\/es\/wp-json\/wp\/v2\/comments?post=15467"}],"version-history":[{"count":5,"href":"https:\/\/copolad.eu\/es\/wp-json\/wp\/v2\/posts\/15467\/revisions"}],"predecessor-version":[{"id":15532,"href":"https:\/\/copolad.eu\/es\/wp-json\/wp\/v2\/posts\/15467\/revisions\/15532"}],"wp:featuredmedia":[{"embeddable":true,"href":"https:\/\/copolad.eu\/es\/wp-json\/wp\/v2\/media\/15470"}],"wp:attachment":[{"href":"https:\/\/copolad.eu\/es\/wp-json\/wp\/v2\/media?parent=15467"}],"wp:term":[{"taxonomy":"category","embeddable":true,"href":"https:\/\/copolad.eu\/es\/wp-json\/wp\/v2\/categories?post=15467"},{"taxonomy":"post_tag","embeddable":true,"href":"https:\/\/copolad.eu\/es\/wp-json\/wp\/v2\/tags?post=15467"}],"curies":[{"name":"wp","href":"https:\/\/api.w.org\/{rel}","templated":true}]}}