{"id":6345,"date":"2022-04-20T11:19:30","date_gmt":"2022-04-20T09:19:30","guid":{"rendered":"https:\/\/copolad.eu\/?p=6345"},"modified":"2024-11-15T13:56:32","modified_gmt":"2024-11-15T11:56:32","slug":"i-encuentro-anual-de-copolad-iii-en-asuncion-paraguay","status":"publish","type":"post","link":"https:\/\/copolad.eu\/es\/i-encuentro-anual-de-copolad-iii-en-asuncion-paraguay\/","title":{"rendered":"I Encuentro Anual de COPOLAD III en Asunci\u00f3n, Paraguay"},"content":{"rendered":"<div class=\"wpb-content-wrapper\"><p>[vc_row][vc_column][vc_column_text]El Programa de Cooperaci\u00f3n entre Am\u00e9rica Latina, el Caribe y la Uni\u00f3n Europea en Pol\u00edticas sobre Drogas COPOLAD III realiza en Paraguay su primer encuentro anual que acoger\u00e1 a m\u00e1s<b> de 35 agencias nacionales de drogas<\/b>, con el foco puesto en los efectos de la<b> COVID-19 en la lucha antidrogas y la equidad de g\u00e9nero.\u00a0<\/b><\/p>\n<p id=\"yui_3_17_2_1_1655297814793_276\">En la primera de las dos\u00a0sesiones\u00a0se abordar\u00e1 asimismo los e<b>fectos del narcotr\u00e1fico en la gobernabilidad democr\u00e1tica y los mecanismos de cooperaci\u00f3n birregional en materia de lavados de activos y lucha contra el mercado ilegal.<\/b> Asimismo, se analizar\u00e1 la importancia de la investigaci\u00f3n cient\u00edfica para el dise\u00f1o de las pol\u00edticas p\u00fablicas y los enfoques sobre el c<b>onsumo problem\u00e1tico en contextos de vulnerabilidad.<\/b> La innovaci\u00f3n ser\u00e1 uno de os ejes de trabajo, con una sesi\u00f3n y espacio espec\u00edfico para el intercambio.<\/p>\n<p>Durante el segundo d\u00eda del encuentro la Comisi\u00f3n Europea aprovechar\u00e1 para rendir cuentas sobre la iniciativa europea de Seguridad, Lucha contra el Crimen Organizado y Estado de Derecho que promueve a trav\u00e9s de diversos programas regionales entre los que se incluye COPOLAD III. Adem\u00e1s, se debatir\u00e1n sobre temas cada vez m\u00e1s de actualidad como el<b> medio ambiente, las narrativas medi\u00e1ticas sobre drogas, la inserci\u00f3n laboral o el hist\u00f3rico control de precursores qu\u00edmicos.<\/b> El evento tambi\u00e9n analizar\u00e1 los resultados del programa en el primer a\u00f1o y los desaf\u00edos y actividades de los pr\u00f3ximos a\u00f1os.<\/p>\n<p><a href=\"http:\/\/copolad.eu\/wp-content\/uploads\/2022\/04\/Reunion-anual-COPOLAD-III-Agenda.pdf\">Reuni\u00f3n anual COPOLAD III Agenda<\/a><\/p>\n<p><b>DOCUMENTACI\u00d3N DEL EVENTO<\/b><\/p>\n<p><a href=\"http:\/\/copolad.eu\/wp-content\/uploads\/2022\/06\/MUJERES_Y_POLITICAS_DROGAS.pdf\">Informe sobre Mujeres y Drogas<\/a><\/p>\n<p><a href=\"https:\/\/connect.fiiapp.es\/moodle\/course\/view.php?id=307\">Accede a los v\u00eddeos y presentaciones de las sesiones<\/a>\u00a0 (solo participantes)[\/vc_column_text][\/vc_column][\/vc_row][vc_row][vc_column][vc_tta_tabs][vc_tta_section title=\u00bbD\u00eda 22 de junio\u00bb tab_id=\u00bb1664795427415-2e7d52b3-736e\u00bb][vc_row_inner equal_height=\u00bbyes\u00bb content_placement=\u00bbtop\u00bb][vc_column_inner width=\u00bb1\/3&#8243;][vc_column_text]<\/p>\n<p>Sesi\u00f3n 1:<br \/>\n<strong>Sesi\u00f3n inaugural: Homenaje al fiscal Marcelo Pecci.<\/strong><\/p>\n<p>https:\/\/vimeo.com\/725561428[\/vc_column_text][\/vc_column_inner][vc_column_inner width=\u00bb1\/3&#8243;][vc_column_text]<\/p>\n<p>Sesi\u00f3n 2:<br \/>\n<strong>Pol\u00edticas de drogas en el contexto de la postpandemia de COVID-19.<\/strong><\/p>\n<p>https:\/\/vimeo.com\/725562333[\/vc_column_text][\/vc_column_inner][vc_column_inner width=\u00bb1\/3&#8243;][vc_column_text]<\/p>\n<p>Sesi\u00f3n 3:<br \/>\n<strong>Gobernabilidad democr\u00e1tica y poder del narcotr\u00e1fico: retos de la cooperaci\u00f3n birregional en materia de narcotr\u00e1fico.<\/strong><\/p>\n<p>https:\/\/vimeo.com\/725563258[\/vc_column_text][\/vc_column_inner][\/vc_row_inner][vc_row_inner equal_height=\u00bbyes\u00bb content_placement=\u00bbtop\u00bb][vc_column_inner width=\u00bb1\/3&#8243;][vc_column_text]Sesi\u00f3n 4:<br \/>\n<strong>La importancia de la transferencia de los resultados de investigaci\u00f3n cient\u00edfica para el dise\u00f1o de pol\u00edticas p\u00fablicas eficaces.<\/strong><\/p>\n<p>https:\/\/vimeo.com\/725563636[\/vc_column_text][\/vc_column_inner][vc_column_inner width=\u00bb1\/3&#8243;][vc_column_text]<\/p>\n<p>Sesi\u00f3n 5:<br \/>\n<strong>Presentaci\u00f3n de los avances del programa COPOLAD III.<\/strong><\/p>\n<p>https:\/\/vimeo.com\/725562791[\/vc_column_text][\/vc_column_inner][vc_column_inner width=\u00bb1\/3&#8243;][vc_column_text]<\/p>\n<p>Sesi\u00f3n 6:<br \/>\n<strong>Los retos para el abordaje de los problemas relacionados con drogas en contextos de alta vulnerabilidad<\/strong><\/p>\n<p>https:\/\/vimeo.com\/725564597[\/vc_column_text][\/vc_column_inner][\/vc_row_inner][\/vc_tta_section][vc_tta_section title=\u00bbD\u00eda 23 de junio\u00bb tab_id=\u00bb1664795427425-429c2a9f-5aee\u00bb][vc_row_inner equal_height=\u00bbyes\u00bb content_placement=\u00bbtop\u00bb][vc_column_inner width=\u00bb1\/3&#8243;][vc_column_text]<\/p>\n<p>Sesi\u00f3n 7:<br \/>\n<strong>Team Europe Initiative. Iniciativa regional Equipo Europa para Am\u00e9rica Latina y el Caribe: Partenariado en Justicia y Seguridad.<\/strong><\/p>\n<p>https:\/\/vimeo.com\/725561611[\/vc_column_text][\/vc_column_inner][vc_column_inner width=\u00bb1\/3&#8243;][vc_column_text]<\/p>\n<p>Sesi\u00f3n 8:<br \/>\n<strong>Narrativas sobre drogas, medios de comunicaci\u00f3n y pol\u00edticas p\u00fablicas.<\/strong><\/p>\n<p>https:\/\/vimeo.com\/725561828\/1342131d0d[\/vc_column_text][\/vc_column_inner][vc_column_inner width=\u00bb1\/3&#8243;][vc_column_text]<\/p>\n<p>Sesi\u00f3n 9:<br \/>\n<strong>Hac\u00eda una pol\u00edtica de drogas \u201cverde\u201d \u2013 Oportunidades para el Desarrollo Alternativo Integral y Sostenible (DAIS).<\/strong><\/p>\n<p>https:\/\/vimeo.com\/725564394[\/vc_column_text][\/vc_column_inner][\/vc_row_inner][vc_row_inner equal_height=\u00bbyes\u00bb content_placement=\u00bbtop\u00bb][vc_column_inner width=\u00bb1\/3&#8243;][vc_column_text]<\/p>\n<p>Sesi\u00f3n 10:<br \/>\n<strong>Buenas pr\u00e1cticas en sistemas de gesti\u00f3n y disposici\u00f3n de qu\u00edmicos incautados.<\/strong><\/p>\n<p>https:\/\/vimeo.com\/725561957[\/vc_column_text][\/vc_column_inner][vc_column_inner width=\u00bb1\/3&#8243;][vc_column_text]<\/p>\n<p>Sesi\u00f3n 11:<br \/>\n<strong>Respuestas de reinserci\u00f3n social y laboral para personas con problemas de consumo.<\/strong><\/p>\n<p>https:\/\/vimeo.com\/725563963[\/vc_column_text][\/vc_column_inner][vc_column_inner width=\u00bb1\/3&#8243;][vc_column_text]Sesi\u00f3n de clausura<br \/>\n<strong>Clausura del Evento<\/strong><\/p>\n<p>https:\/\/vimeo.com\/725562145[\/vc_column_text][\/vc_column_inner][\/vc_row_inner][\/vc_tta_section][\/vc_tta_tabs][\/vc_column][\/vc_row]<\/p>\n<\/div>","protected":false},"excerpt":{"rendered":"<p>[vc_row][vc_column][vc_column_text]El Programa de Cooperaci\u00f3n entre Am\u00e9rica Latina, el Caribe y la Uni\u00f3n Europea en Pol\u00edticas sobre Drogas COPOLAD III realiza en Paraguay su primer encuentro anual que acoger\u00e1 a m\u00e1s de 35 agencias nacionales de drogas, con el foco puesto en los efectos de la COVID-19 en la lucha antidrogas y la equidad de g\u00e9nero.\u00a0 [&hellip;]<\/p>\n","protected":false},"author":9,"featured_media":6347,"comment_status":"closed","ping_status":"closed","sticky":false,"template":"","format":"standard","meta":{"jnews-multi-image_gallery":[],"jnews_single_post":{"subtitle":"22 y 23 de junio de 2022","format":"standard","video":"","gallery":"","source_name":"","source_url":"","via_name":"","via_url":"","override_template":"0","override":[{"template":"1","single_blog_custom":"","parallax":"1","fullscreen":"1","layout":"right-sidebar","sidebar":"default-sidebar","second_sidebar":"default-sidebar","sticky_sidebar":"1","share_position":"top","share_float_style":"share-monocrhome","show_share_counter":"1","show_view_counter":"1","show_featured":"1","show_post_meta":"1","show_post_author":"1","show_post_author_image":"1","show_post_date":"1","post_date_format":"default","post_date_format_custom":"Y\/m\/d","show_post_category":"1","show_post_reading_time":"0","post_reading_time_wpm":"300","show_zoom_button":"0","zoom_button_out_step":"2","zoom_button_in_step":"3","show_post_tag":"1","show_prev_next_post":"1","show_popup_post":"1","number_popup_post":"1","show_author_box":"0","show_post_related":"0","show_inline_post_related":"0","post_calculate_word_method":"str_word_count"}],"override_image_size":"0","image_override":[{"single_post_thumbnail_size":"crop-500","single_post_gallery_size":"crop-500"}],"trending_post":"0","trending_post_position":"meta","trending_post_label":"Trending","sponsored_post":"0","sponsored_post_label":"Sponsored by","sponsored_post_name":"","sponsored_post_url":"","sponsored_post_logo_enable":"0","sponsored_post_logo":"","sponsored_post_desc":"","disable_ad":"0"},"jnews_primary_category":{"id":""},"jnews_social_meta":{"fb_title":"","fb_description":"","fb_image":"","twitter_title":"","twitter_description":"","twitter_image":""},"jnews_override_counter":{"override_view_counter":"0","view_counter_number":"0","override_share_counter":"0","share_counter_number":"0","override_like_counter":"0","like_counter_number":"0","override_dislike_counter":"0","dislike_counter_number":"0"},"jnews_post_split":{"enable_post_split":"0","post_split":[{"template":"1","tag":"h2","numbering":"asc","mode":"normal","first":"0","enable_toc":"0","toc_type":"normal"}]},"footnotes":""},"categories":[149],"tags":[150,151,176],"class_list":["post-6345","post","type-post","status-publish","format-standard","has-post-thumbnail","hentry","category-encuentros","tag-asuncion","tag-encuentro-anual","tag-paraguay"],"acf":[],"_links":{"self":[{"href":"https:\/\/copolad.eu\/es\/wp-json\/wp\/v2\/posts\/6345"}],"collection":[{"href":"https:\/\/copolad.eu\/es\/wp-json\/wp\/v2\/posts"}],"about":[{"href":"https:\/\/copolad.eu\/es\/wp-json\/wp\/v2\/types\/post"}],"author":[{"embeddable":true,"href":"https:\/\/copolad.eu\/es\/wp-json\/wp\/v2\/users\/9"}],"replies":[{"embeddable":true,"href":"https:\/\/copolad.eu\/es\/wp-json\/wp\/v2\/comments?post=6345"}],"version-history":[{"count":2,"href":"https:\/\/copolad.eu\/es\/wp-json\/wp\/v2\/posts\/6345\/revisions"}],"predecessor-version":[{"id":12617,"href":"https:\/\/copolad.eu\/es\/wp-json\/wp\/v2\/posts\/6345\/revisions\/12617"}],"wp:featuredmedia":[{"embeddable":true,"href":"https:\/\/copolad.eu\/es\/wp-json\/wp\/v2\/media\/6347"}],"wp:attachment":[{"href":"https:\/\/copolad.eu\/es\/wp-json\/wp\/v2\/media?parent=6345"}],"wp:term":[{"taxonomy":"category","embeddable":true,"href":"https:\/\/copolad.eu\/es\/wp-json\/wp\/v2\/categories?post=6345"},{"taxonomy":"post_tag","embeddable":true,"href":"https:\/\/copolad.eu\/es\/wp-json\/wp\/v2\/tags?post=6345"}],"curies":[{"name":"wp","href":"https:\/\/api.w.org\/{rel}","templated":true}]}}