{"id":6690,"date":"2022-06-25T17:47:14","date_gmt":"2022-06-25T15:47:14","guid":{"rendered":"https:\/\/copolad.eu\/?p=6690"},"modified":"2024-11-15T13:54:20","modified_gmt":"2024-11-15T11:54:20","slug":"los-paises-de-america-latina-y-del-caribe-defienden-en-el-encuentro-de-copolad-una-nueva-generacion-de-politicas-sobre-drogas","status":"publish","type":"post","link":"https:\/\/copolad.eu\/es\/los-paises-de-america-latina-y-del-caribe-defienden-en-el-encuentro-de-copolad-una-nueva-generacion-de-politicas-sobre-drogas\/","title":{"rendered":"Los pa\u00edses de Am\u00e9rica Latina y del Caribe defienden en el Encuentro de COPOLAD una nueva generaci\u00f3n de pol\u00edticas sobre drogas"},"content":{"rendered":"<p>Aunque a nivel te\u00f3rico el debate sobre drogas ha avanzado mucho en los \u00faltimos a\u00f1os, es necesario que el discurso se transforme en mejores resultados para las pol\u00edticas de Am\u00e9rica Latina y Caribe y para el bienestar de su ciudadan\u00eda; \u00e9ste es uno de los hilos conductores que se discutieron este a\u00f1o en el Encuentro Anual de COPOLAD III. <strong>M\u00e1s de 43 agencias de drogas y m\u00e1s de 130 responsables<\/strong> <strong>de pol\u00edticas se encontraron <\/strong>de forma presencial y virtual en Asunci\u00f3n, Paraguay, con la intenci\u00f3n de compartir buenas pr\u00e1cticas y evidencias que sustenten la pr\u00e1ctica pol\u00edtica.<\/p>\n<p>La semana comenz\u00f3 con un seminario t\u00e9cnico que abord\u00f3 la urgencia de conectar los espacios fronterizos y penitenciaros en la lucha contra el narcotr\u00e1fico, organizado por los programas europeos <strong><a href=\"https:\/\/programaeurofront.eu\/\">Eurofront<\/a>, <a href=\"https:\/\/www.elpaccto.eu\/\">EL PacCTO y<\/a> <a href=\"http:\/\/copolad.eu\/\">COPOLADIII.<\/a><\/strong><\/p>\n<p>El 22 y 23 de junio tuvo lugar el Encuentro Anual del programa de cooperaci\u00f3n sobre drogas entre Am\u00e9rica Latina, el Caribe y la UE. Las dificultades presupuestarias para abordar las pol\u00edticas sociales sobre drogas, la necesidad de mejora de los servicios de inteligencia contras las finanzas del narcotr\u00e1fico y el lavado de capitales, la importancia de la inserci\u00f3n laboral de personas con consumo problem\u00e1tico, la afectaci\u00f3n de la lucha contra las drogas al medio ambiente o la nueva \u201c<strong>Iniciativa regional Equipo Europa para Am\u00e9rica Latina y el Caribe: Partenariado en Justicia y Seguridad\u201d <\/strong>fueron algunos de los temas clave de la reuni\u00f3n.<\/p>\n<p>Las delegaciones destacaron el esfuerzo de la sesi\u00f3n por apuntar a la coherencia de pol\u00edticas sobre drogas con el marco de la Agenda 2030 de desarrollo y los desaf\u00edos que plantea el programa con relaci\u00f3n a la integraci\u00f3n de la evidencia cient\u00edfica y la innovaci\u00f3n en la pol\u00edtica p\u00fablica.<\/p>\n<p>El viernes 24, COPOLADIII particip\u00f3 en la reuni\u00f3n de Alto Nivel del Mecanismo de Coordinaci\u00f3n y Cooperaci\u00f3n en Materia de Drogas CELAC-UE donde present\u00f3 su estudio sobre \u201c<strong>Mujeres y Drogas\u201d<\/strong> y se destac\u00f3 la necesidad de tomar medidas alternativas a la encarcelaci\u00f3n de mujeres por delitos menores de drogas. \u00abEs necesario <strong>realizar las reformas necesarias para reducir esa poblaci\u00f3n femenina privada de libertad<\/strong> por microtr\u00e1fico, con enormes costos humanos de distintas \u00edndoles, causados por las duras pol\u00edticas punitivas desproporcionadas en las mujeres\u00bb, aseguro la ministra paraguaya y responsable de las pol\u00edticas antidrogas Zully Roll\u00f3n.<\/p>\n","protected":false},"excerpt":{"rendered":"<p>Aunque a nivel te\u00f3rico el debate sobre drogas ha avanzado mucho en los \u00faltimos a\u00f1os, es necesario que el discurso se transforme en mejores resultados para las pol\u00edticas de Am\u00e9rica Latina y Caribe y para el bienestar de su ciudadan\u00eda; \u00e9ste es uno de los hilos conductores que se discutieron este a\u00f1o en el Encuentro [&hellip;]<\/p>\n","protected":false},"author":9,"featured_media":6691,"comment_status":"closed","ping_status":"closed","sticky":false,"template":"","format":"standard","meta":{"jnews-multi-image_gallery":[],"jnews_single_post":{"subtitle":"Paraguay acogi\u00f3 una semana de seminarios y conferencias donde agencias de drogas, centros de estudio e instituciones internacionales de la Uni\u00f3n Europea, Am\u00e9rica Latina y el Caribe debatieron la coherencia entre la 2030 de desarrollo y las pol\u00edticas de drogas.","format":"standard","video":"","gallery":"","source_name":"","source_url":"","via_name":"","via_url":"","override_template":"0","override":[{"template":"3","single_blog_custom":"","parallax":"1","fullscreen":"1","layout":"no-sidebar","sidebar":"default-sidebar","second_sidebar":"default-sidebar","sticky_sidebar":"1","share_position":"top","share_float_style":"share-monocrhome","show_share_counter":"0","show_view_counter":"0","show_featured":"1","show_post_meta":"1","show_post_author":"0","show_post_author_image":"1","show_post_date":"1","post_date_format":"default","post_date_format_custom":"Y\/m\/d","show_post_category":"1","show_post_reading_time":"0","post_reading_time_wpm":"300","show_zoom_button":"0","zoom_button_out_step":"2","zoom_button_in_step":"3","show_post_tag":"1","show_prev_next_post":"0","show_popup_post":"0","number_popup_post":"1","show_author_box":"0","show_post_related":"0","show_inline_post_related":"0","post_calculate_word_method":"str_word_count"}],"override_image_size":"0","image_override":[{"single_post_thumbnail_size":"crop-500","single_post_gallery_size":"crop-500"}],"trending_post":"0","trending_post_position":"meta","trending_post_label":"Trending","sponsored_post":"0","sponsored_post_label":"Sponsored by","sponsored_post_name":"","sponsored_post_url":"","sponsored_post_logo_enable":"0","sponsored_post_logo":"","sponsored_post_desc":"","disable_ad":"0"},"jnews_primary_category":{"id":""},"jnews_social_meta":{"fb_title":"","fb_description":"","fb_image":"","twitter_title":"","twitter_description":"","twitter_image":""},"jnews_override_counter":{"override_view_counter":"0","view_counter_number":"0","override_share_counter":"0","share_counter_number":"0","override_like_counter":"0","like_counter_number":"0","override_dislike_counter":"0","dislike_counter_number":"0"},"jnews_post_split":{"enable_post_split":"0","post_split":[{"template":"1","tag":"h2","numbering":"asc","mode":"normal","first":"0","enable_toc":"0","toc_type":"normal"}]},"footnotes":""},"categories":[111,35],"tags":[653,294],"class_list":["post-6690","post","type-post","status-publish","format-standard","has-post-thumbnail","hentry","category-notas-de-prensa","category-noticia","tag-mecanismo","tag-mujeres"],"acf":[],"_links":{"self":[{"href":"https:\/\/copolad.eu\/es\/wp-json\/wp\/v2\/posts\/6690"}],"collection":[{"href":"https:\/\/copolad.eu\/es\/wp-json\/wp\/v2\/posts"}],"about":[{"href":"https:\/\/copolad.eu\/es\/wp-json\/wp\/v2\/types\/post"}],"author":[{"embeddable":true,"href":"https:\/\/copolad.eu\/es\/wp-json\/wp\/v2\/users\/9"}],"replies":[{"embeddable":true,"href":"https:\/\/copolad.eu\/es\/wp-json\/wp\/v2\/comments?post=6690"}],"version-history":[{"count":1,"href":"https:\/\/copolad.eu\/es\/wp-json\/wp\/v2\/posts\/6690\/revisions"}],"predecessor-version":[{"id":12614,"href":"https:\/\/copolad.eu\/es\/wp-json\/wp\/v2\/posts\/6690\/revisions\/12614"}],"wp:featuredmedia":[{"embeddable":true,"href":"https:\/\/copolad.eu\/es\/wp-json\/wp\/v2\/media\/6691"}],"wp:attachment":[{"href":"https:\/\/copolad.eu\/es\/wp-json\/wp\/v2\/media?parent=6690"}],"wp:term":[{"taxonomy":"category","embeddable":true,"href":"https:\/\/copolad.eu\/es\/wp-json\/wp\/v2\/categories?post=6690"},{"taxonomy":"post_tag","embeddable":true,"href":"https:\/\/copolad.eu\/es\/wp-json\/wp\/v2\/tags?post=6690"}],"curies":[{"name":"wp","href":"https:\/\/api.w.org\/{rel}","templated":true}]}}